{"id":29840,"date":"2025-12-16T21:05:11","date_gmt":"2025-12-16T20:05:11","guid":{"rendered":"https:\/\/folk-peuplesetbeaute.com\/?p=29840"},"modified":"2025-12-16T21:16:51","modified_gmt":"2025-12-16T20:16:51","slug":"vers-une-beaute-plus-humaine-et-universelle","status":"publish","type":"post","link":"https:\/\/folk-peuplesetbeaute.com\/en\/vers-une-beaute-plus-humaine-et-universelle\/","title":{"rendered":"Vers une beaut\u00e9 plus humaine et universelle"},"content":{"rendered":"<h3 class=\"wp-block-heading\">Introduction<\/h3>\n\n\n\n<p>Face \u00e0 l\u2019uniformisation, une autre vision de la beaut\u00e9 \u00e9merge : plus humaine, plus diverse et plus consciente.<\/p>\n\n\n\n<h3 class=\"wp-block-heading\">C\u00e9l\u00e9brer la diversit\u00e9<\/h3>\n\n\n\n<p>Chaque peau, chaque culture, chaque rituel est porteur de beaut\u00e9. La diversit\u00e9 devient une richesse \u00e0 pr\u00e9server.<\/p>\n\n\n\n<h3 class=\"wp-block-heading\">Ralentir et ressentir<\/h3>\n\n\n\n<p>Une beaut\u00e9 plus humaine invite \u00e0 ralentir, \u00e0 ressentir et \u00e0 se reconnecter \u00e0 l\u2019essentiel.<\/p>\n\n\n\n<h3 class=\"wp-block-heading\">Une beaut\u00e9 porteuse de sens<\/h3>\n\n\n\n<p>En redonnant une place centrale aux peuples et aux savoir-faire, la beaut\u00e9 retrouve sa dimension universelle.<\/p>\n\n\n\n<h3 class=\"wp-block-heading\">Conclusion<\/h3>\n\n\n\n<p>Peuple &amp; Beaut\u00e9 d\u00e9fend une vision o\u00f9 la beaut\u00e9 unit, relie et respecte, au-del\u00e0 des fronti\u00e8res et des tendances.<\/p>\n\n\n\n<p>Voici le site : https:\/\/folk-peuplesetbeaute.com\/<\/p>","protected":false},"excerpt":{"rendered":"<p>Introduction Face \u00e0 l\u2019uniformisation, une autre vision de la beaut\u00e9 \u00e9merge : plus humaine, plus diverse et plus consciente. C\u00e9l\u00e9brer la diversit\u00e9 Chaque peau, chaque culture, chaque rituel est porteur de beaut\u00e9. La diversit\u00e9 devient une richesse \u00e0 pr\u00e9server. Ralentir et ressentir Une beaut\u00e9 plus humaine invite \u00e0 ralentir, \u00e0 ressentir et \u00e0 se reconnecter [&hellip;]<\/p>\n","protected":false},"author":2,"featured_media":29461,"comment_status":"open","ping_status":"open","sticky":false,"template":"","format":"standard","meta":{"_acf_changed":false,"_et_pb_use_builder":"off","_et_pb_old_content":"","_et_gb_content_width":"","_jetpack_memberships_contains_paid_content":false,"footnotes":""},"categories":[79],"tags":[],"class_list":["post-29840","post","type-post","status-publish","format-standard","has-post-thumbnail","hentry","category-rituels-cultures"],"acf":[],"jetpack_featured_media_url":"https:\/\/i0.wp.com\/folk-peuplesetbeaute.com\/wp-content\/uploads\/2025\/10\/Le-Quetzal-2-scaled.jpg?fit=2560%2C1920&ssl=1","jetpack_shortlink":"https:\/\/wp.me\/pgSzTA-7Li","jetpack_sharing_enabled":true,"_links":{"self":[{"href":"https:\/\/folk-peuplesetbeaute.com\/en\/wp-json\/wp\/v2\/posts\/29840","targetHints":{"allow":["GET"]}}],"collection":[{"href":"https:\/\/folk-peuplesetbeaute.com\/en\/wp-json\/wp\/v2\/posts"}],"about":[{"href":"https:\/\/folk-peuplesetbeaute.com\/en\/wp-json\/wp\/v2\/types\/post"}],"author":[{"embeddable":true,"href":"https:\/\/folk-peuplesetbeaute.com\/en\/wp-json\/wp\/v2\/users\/2"}],"replies":[{"embeddable":true,"href":"https:\/\/folk-peuplesetbeaute.com\/en\/wp-json\/wp\/v2\/comments?post=29840"}],"version-history":[{"count":1,"href":"https:\/\/folk-peuplesetbeaute.com\/en\/wp-json\/wp\/v2\/posts\/29840\/revisions"}],"predecessor-version":[{"id":29841,"href":"https:\/\/folk-peuplesetbeaute.com\/en\/wp-json\/wp\/v2\/posts\/29840\/revisions\/29841"}],"wp:featuredmedia":[{"embeddable":true,"href":"https:\/\/folk-peuplesetbeaute.com\/en\/wp-json\/wp\/v2\/media\/29461"}],"wp:attachment":[{"href":"https:\/\/folk-peuplesetbeaute.com\/en\/wp-json\/wp\/v2\/media?parent=29840"}],"wp:term":[{"taxonomy":"category","embeddable":true,"href":"https:\/\/folk-peuplesetbeaute.com\/en\/wp-json\/wp\/v2\/categories?post=29840"},{"taxonomy":"post_tag","embeddable":true,"href":"https:\/\/folk-peuplesetbeaute.com\/en\/wp-json\/wp\/v2\/tags?post=29840"}],"curies":[{"name":"wp","href":"https:\/\/api.w.org\/{rel}","templated":true}]}}