{"id":29847,"date":"2025-12-16T21:26:35","date_gmt":"2025-12-16T20:26:35","guid":{"rendered":"https:\/\/folk-peuplesetbeaute.com\/?p=29847"},"modified":"2025-12-17T00:17:52","modified_gmt":"2025-12-16T23:17:52","slug":"beaute-consciente-prendre-soin-de-soi-autrement","status":"publish","type":"post","link":"https:\/\/folk-peuplesetbeaute.com\/en\/beaute-consciente-prendre-soin-de-soi-autrement\/","title":{"rendered":"Beaut\u00e9 consciente : prendre soin de soi autrement"},"content":{"rendered":"<h3 class=\"wp-block-heading\">Introduction<\/h3>\n\n\n\n<p>La beaut\u00e9 consciente s\u2019\u00e9loigne des standards impos\u00e9s et des promesses imm\u00e9diates. Elle invite \u00e0 une approche plus lente, plus respectueuse et plus align\u00e9e avec les besoins r\u00e9els du corps et de l\u2019esprit.<\/p>\n\n\n\n<h3 class=\"wp-block-heading\">Revenir \u00e0 l\u2019essentiel<\/h3>\n\n\n\n<p>Prendre soin de soi ne signifie pas multiplier les produits, mais choisir ceux qui ont du sens. La simplicit\u00e9 devient un acte de soin en soi.<\/p>\n\n\n\n<h3 class=\"wp-block-heading\">\u00c9couter son corps<\/h3>\n\n\n\n<p>La beaut\u00e9 consciente repose sur l\u2019\u00e9coute. Observer sa peau, comprendre ses r\u00e9actions et adapter ses gestes permet de cr\u00e9er une relation plus juste avec soi-m\u00eame.<\/p>\n\n\n\n<h3 class=\"wp-block-heading\">Une d\u00e9marche respectueuse<\/h3>\n\n\n\n<p>Choisir une beaut\u00e9 consciente, c\u2019est aussi respecter les peuples, les savoir-faire et les ressources naturelles.<\/p>\n\n\n\n<h3 class=\"wp-block-heading\">Conclusion<\/h3>\n\n\n\n<p>La beaut\u00e9 consciente n\u2019est pas une tendance, mais une philosophie durable, port\u00e9e par des valeurs de respect et de transmission.<\/p>\n\n\n\n<p><\/p>","protected":false},"excerpt":{"rendered":"<p>Introduction La beaut\u00e9 consciente s\u2019\u00e9loigne des standards impos\u00e9s et des promesses imm\u00e9diates. Elle invite \u00e0 une approche plus lente, plus respectueuse et plus align\u00e9e avec les besoins r\u00e9els du corps et de l\u2019esprit. Revenir \u00e0 l\u2019essentiel Prendre soin de soi ne signifie pas multiplier les produits, mais choisir ceux qui ont du sens. La simplicit\u00e9 [&hellip;]<\/p>\n","protected":false},"author":2,"featured_media":29830,"comment_status":"open","ping_status":"open","sticky":false,"template":"","format":"standard","meta":{"_acf_changed":false,"_et_pb_use_builder":"off","_et_pb_old_content":"","_et_gb_content_width":"","_jetpack_memberships_contains_paid_content":false,"footnotes":""},"categories":[79],"tags":[],"class_list":["post-29847","post","type-post","status-publish","format-standard","has-post-thumbnail","hentry","category-rituels-cultures"],"acf":[],"jetpack_featured_media_url":"https:\/\/i0.wp.com\/folk-peuplesetbeaute.com\/wp-content\/uploads\/2025\/10\/SAVON-BLEU.jpeg?fit=1229%2C1600&ssl=1","jetpack_shortlink":"https:\/\/wp.me\/pgSzTA-7Lp","jetpack_sharing_enabled":true,"_links":{"self":[{"href":"https:\/\/folk-peuplesetbeaute.com\/en\/wp-json\/wp\/v2\/posts\/29847","targetHints":{"allow":["GET"]}}],"collection":[{"href":"https:\/\/folk-peuplesetbeaute.com\/en\/wp-json\/wp\/v2\/posts"}],"about":[{"href":"https:\/\/folk-peuplesetbeaute.com\/en\/wp-json\/wp\/v2\/types\/post"}],"author":[{"embeddable":true,"href":"https:\/\/folk-peuplesetbeaute.com\/en\/wp-json\/wp\/v2\/users\/2"}],"replies":[{"embeddable":true,"href":"https:\/\/folk-peuplesetbeaute.com\/en\/wp-json\/wp\/v2\/comments?post=29847"}],"version-history":[{"count":1,"href":"https:\/\/folk-peuplesetbeaute.com\/en\/wp-json\/wp\/v2\/posts\/29847\/revisions"}],"predecessor-version":[{"id":29848,"href":"https:\/\/folk-peuplesetbeaute.com\/en\/wp-json\/wp\/v2\/posts\/29847\/revisions\/29848"}],"wp:featuredmedia":[{"embeddable":true,"href":"https:\/\/folk-peuplesetbeaute.com\/en\/wp-json\/wp\/v2\/media\/29830"}],"wp:attachment":[{"href":"https:\/\/folk-peuplesetbeaute.com\/en\/wp-json\/wp\/v2\/media?parent=29847"}],"wp:term":[{"taxonomy":"category","embeddable":true,"href":"https:\/\/folk-peuplesetbeaute.com\/en\/wp-json\/wp\/v2\/categories?post=29847"},{"taxonomy":"post_tag","embeddable":true,"href":"https:\/\/folk-peuplesetbeaute.com\/en\/wp-json\/wp\/v2\/tags?post=29847"}],"curies":[{"name":"wp","href":"https:\/\/api.w.org\/{rel}","templated":true}]}}