{"id":29851,"date":"2025-12-17T00:16:23","date_gmt":"2025-12-16T23:16:23","guid":{"rendered":"https:\/\/folk-peuplesetbeaute.com\/?p=29851"},"modified":"2025-12-17T00:16:26","modified_gmt":"2025-12-16T23:16:26","slug":"la-beaute-comme-langage-intime","status":"publish","type":"post","link":"https:\/\/folk-peuplesetbeaute.com\/en\/la-beaute-comme-langage-intime\/","title":{"rendered":"La beaut\u00e9 comme langage intime"},"content":{"rendered":"<p> Introduction<\/p>\n\n\n\n<p>La beaut\u00e9 n\u2019est pas une norme fig\u00e9e. Elle ne se limite ni \u00e0 une image, ni \u00e0 une tendance, ni \u00e0 un id\u00e9al impos\u00e9. Elle se manifeste souvent dans des gestes discrets, des choix personnels et une mani\u00e8re singuli\u00e8re d\u2019habiter le monde. Aujourd\u2019hui plus que jamais, la beaut\u00e9 devient un langage intime, r\u00e9v\u00e9lateur de l\u2019identit\u00e9 et de la sensibilit\u00e9 de chacun.<\/p>\n\n\n\n<hr class=\"wp-block-separator has-alpha-channel-opacity\"\/>\n\n\n\n<h2 class=\"wp-block-heading\">Une beaut\u00e9 qui s\u2019\u00e9loigne des standards<\/h2>\n\n\n\n<p>Longtemps dict\u00e9e par des codes rigides, la beaut\u00e9 s\u2019\u00e9mancipe progressivement des mod\u00e8les uniques. Elle s\u2019exprime d\u00e9sormais dans la diversit\u00e9 des visages, des corps et des parcours. Cette \u00e9volution marque un changement profond : la beaut\u00e9 n\u2019est plus \u00e0 atteindre, mais \u00e0 reconna\u00eetre.<\/p>\n\n\n\n<p>Ce d\u00e9placement du regard invite \u00e0 une approche plus libre, plus consciente, o\u00f9 l\u2019individu reprend la main sur sa propre repr\u00e9sentation.<\/p>\n\n\n\n<hr class=\"wp-block-separator has-alpha-channel-opacity\"\/>\n\n\n\n<h2 class=\"wp-block-heading\">Le retour au sensible<\/h2>\n\n\n\n<p>Dans un monde satur\u00e9 d\u2019images et de discours, le sensible retrouve une place centrale. La beaut\u00e9 se vit \u00e0 travers les sensations : une texture sur la peau, une fragrance famili\u00e8re, un rituel quotidien. Ces exp\u00e9riences, souvent silencieuses, reconnectent \u00e0 soi et redonnent du sens aux gestes simples.<\/p>\n\n\n\n<p>La beaut\u00e9 devient alors moins visible, mais plus profonde.<\/p>\n\n\n\n<hr class=\"wp-block-separator has-alpha-channel-opacity\"\/>\n\n\n\n<h2 class=\"wp-block-heading\">Beaut\u00e9, identit\u00e9 et narration personnelle<\/h2>\n\n\n\n<p>Chaque personne construit sa propre narration esth\u00e9tique. Choisir un parfum, une mani\u00e8re de se maquiller ou de prendre soin de soi rel\u00e8ve d\u2019une histoire personnelle, fa\u00e7onn\u00e9e par la m\u00e9moire, la culture et l\u2019\u00e9motion. La beaut\u00e9 agit comme un miroir int\u00e9rieur, r\u00e9v\u00e9lant ce qui ne se dit pas toujours avec des mots.<\/p>\n\n\n\n<hr class=\"wp-block-separator has-alpha-channel-opacity\"\/>\n\n\n\n<h2 class=\"wp-block-heading\">Une approche plus consciente et durable<\/h2>\n\n\n\n<p>Cette red\u00e9finition de la beaut\u00e9 s\u2019accompagne d\u2019un d\u00e9sir de coh\u00e9rence. Consommer moins, mais mieux. Privil\u00e9gier la qualit\u00e9, la durabilit\u00e9 et le sens. La beaut\u00e9 s\u2019inscrit alors dans une d\u00e9marche globale, respectueuse du temps, du corps et de l\u2019environnement.<\/p>\n\n\n\n<hr class=\"wp-block-separator has-alpha-channel-opacity\"\/>\n\n\n\n<h2 class=\"wp-block-heading\">Conclusion<\/h2>\n\n\n\n<p>La beaut\u00e9 contemporaine ne cherche plus \u00e0 s\u00e9duire \u00e0 tout prix. Elle se construit dans l\u2019intime, le v\u00e9cu et la sinc\u00e9rit\u00e9. Elle devient un espace de libert\u00e9, o\u00f9 chacun peut affirmer sa singularit\u00e9 sans se conformer. Une beaut\u00e9 plurielle, humaine et profond\u00e9ment vivante.<\/p>\n\n\n\n<hr class=\"wp-block-separator has-alpha-channel-opacity\"\/>\n\n\n\n<p>Le site : https:\/\/folk-peuplesetbeaute.com\/<\/p>","protected":false},"excerpt":{"rendered":"<p>Introduction La beaut\u00e9 n\u2019est pas une norme fig\u00e9e. Elle ne se limite ni \u00e0 une image, ni \u00e0 une tendance, ni \u00e0 un id\u00e9al impos\u00e9. Elle se manifeste souvent dans des gestes discrets, des choix personnels et une mani\u00e8re singuli\u00e8re d\u2019habiter le monde. Aujourd\u2019hui plus que jamais, la beaut\u00e9 devient un langage intime, r\u00e9v\u00e9lateur de [&hellip;]<\/p>\n","protected":false},"author":2,"featured_media":29782,"comment_status":"open","ping_status":"open","sticky":false,"template":"","format":"standard","meta":{"_acf_changed":false,"_et_pb_use_builder":"off","_et_pb_old_content":"","_et_gb_content_width":"","_jetpack_memberships_contains_paid_content":false,"footnotes":""},"categories":[79],"tags":[],"class_list":["post-29851","post","type-post","status-publish","format-standard","has-post-thumbnail","hentry","category-rituels-cultures"],"acf":[],"jetpack_featured_media_url":"https:\/\/i0.wp.com\/folk-peuplesetbeaute.com\/wp-content\/uploads\/2025\/11\/FEMME-BERBERE-2.jpg?fit=581%2C800&ssl=1","jetpack_shortlink":"https:\/\/wp.me\/pgSzTA-7Lt","jetpack_sharing_enabled":true,"_links":{"self":[{"href":"https:\/\/folk-peuplesetbeaute.com\/en\/wp-json\/wp\/v2\/posts\/29851","targetHints":{"allow":["GET"]}}],"collection":[{"href":"https:\/\/folk-peuplesetbeaute.com\/en\/wp-json\/wp\/v2\/posts"}],"about":[{"href":"https:\/\/folk-peuplesetbeaute.com\/en\/wp-json\/wp\/v2\/types\/post"}],"author":[{"embeddable":true,"href":"https:\/\/folk-peuplesetbeaute.com\/en\/wp-json\/wp\/v2\/users\/2"}],"replies":[{"embeddable":true,"href":"https:\/\/folk-peuplesetbeaute.com\/en\/wp-json\/wp\/v2\/comments?post=29851"}],"version-history":[{"count":1,"href":"https:\/\/folk-peuplesetbeaute.com\/en\/wp-json\/wp\/v2\/posts\/29851\/revisions"}],"predecessor-version":[{"id":29852,"href":"https:\/\/folk-peuplesetbeaute.com\/en\/wp-json\/wp\/v2\/posts\/29851\/revisions\/29852"}],"wp:featuredmedia":[{"embeddable":true,"href":"https:\/\/folk-peuplesetbeaute.com\/en\/wp-json\/wp\/v2\/media\/29782"}],"wp:attachment":[{"href":"https:\/\/folk-peuplesetbeaute.com\/en\/wp-json\/wp\/v2\/media?parent=29851"}],"wp:term":[{"taxonomy":"category","embeddable":true,"href":"https:\/\/folk-peuplesetbeaute.com\/en\/wp-json\/wp\/v2\/categories?post=29851"},{"taxonomy":"post_tag","embeddable":true,"href":"https:\/\/folk-peuplesetbeaute.com\/en\/wp-json\/wp\/v2\/tags?post=29851"}],"curies":[{"name":"wp","href":"https:\/\/api.w.org\/{rel}","templated":true}]}}