{"id":30038,"date":"2026-02-14T14:25:20","date_gmt":"2026-02-14T13:25:20","guid":{"rendered":"https:\/\/folk-peuplesetbeaute.com\/?p=30038"},"modified":"2026-02-14T14:25:24","modified_gmt":"2026-02-14T13:25:24","slug":"baume-africain","status":"publish","type":"post","link":"https:\/\/folk-peuplesetbeaute.com\/en\/baume-africain\/","title":{"rendered":"BAUME AFRICAIN"},"content":{"rendered":"<figure class=\"wp-block-image size-large\"><img data-recalc-dims=\"1\" loading=\"lazy\" decoding=\"async\" width=\"1024\" height=\"683\" src=\"https:\/\/i0.wp.com\/folk-peuplesetbeaute.com\/wp-content\/uploads\/2026\/02\/68c29ee3-b695-433f-828d-5f5cdcbb2ee0-1.png?resize=1024%2C683&#038;ssl=1\" alt=\"\" class=\"wp-image-30041\" srcset=\"https:\/\/folk-peuplesetbeaute.com\/wp-content\/uploads\/2026\/02\/68c29ee3-b695-433f-828d-5f5cdcbb2ee0-1-980x653.png 980w, https:\/\/folk-peuplesetbeaute.com\/wp-content\/uploads\/2026\/02\/68c29ee3-b695-433f-828d-5f5cdcbb2ee0-1-480x320.png 480w\" sizes=\"(min-width: 0px) and (max-width: 480px) 480px, (min-width: 481px) and (max-width: 980px) 980px, (min-width: 981px) 1024px, 100vw\" \/><\/figure>\n\n\n\n<p><strong>L\u2019enracinement comme beaut\u00e9 : rites anciens et secrets transmis de m\u00e8re en fille<\/strong><\/p>\n\n\n\n<p><strong>Le Baume Africain, m\u00e9moire vivante des femmes<\/strong><\/p>\n\n\n\n<p>Dans un monde o\u00f9 tout s\u2019acc\u00e9l\u00e8re, o\u00f9 les soins deviennent des produits et les gestes des routines chronom\u00e9tr\u00e9es, certaines traditions nous rappellent que la beaut\u00e9 est d\u2019abord un h\u00e9ritage.<\/p>\n\n\n\n<p>Un h\u00e9ritage de gestes.<br>Un h\u00e9ritage de paroles murmur\u00e9es.<br>Un h\u00e9ritage de mains qui transmettent.<\/p>\n\n\n\n<p>Chez <strong>Peuples et Beaut\u00e9<\/strong>, nous croyons que la beaut\u00e9 v\u00e9ritable ne commence pas devant un miroir. Elle commence dans l\u2019enracinement.<\/p>\n\n\n\n<p><strong>L\u2019enracinement : revenir \u00e0 la source<\/strong><\/p>\n\n\n\n<p>S\u2019enraciner, ce n\u2019est pas regarder en arri\u00e8re avec nostalgie.<br>C\u2019est reconna\u00eetre que notre peau, notre corps, notre rapport \u00e0 la beaut\u00e9 portent en eux des si\u00e8cles de savoirs.<\/p>\n\n\n\n<p>Dans de nombreuses cultures africaines, la beaut\u00e9 n\u2019a jamais \u00e9t\u00e9 s\u00e9par\u00e9e du sacr\u00e9, ni du lien familial. Les soins \u00e9taient des rituels. Les pr\u00e9parations, des actes d\u2019amour. Les baumes, des tr\u00e9sors vivants.<\/p>\n\n\n\n<p>L\u2019enracinement, c\u2019est se souvenir que :<\/p>\n\n\n\n<ul class=\"wp-block-list\">\n<li>La peau est un territoire sacr\u00e9<\/li>\n\n\n\n<li>Le soin est un moment de transmission<\/li>\n\n\n\n<li>Le corps est un h\u00e9ritage<\/li>\n<\/ul>\n\n\n\n<p>Et au c\u0153ur de cet h\u00e9ritage, il y a le <strong>Baume Africain<\/strong>.<\/p>\n\n\n\n<p><strong>Les rites anciens : la beaut\u00e9 comme c\u00e9r\u00e9monie<\/strong><\/p>\n\n\n\n<p>Dans les villages, sous l\u2019arbre \u00e0 palabres ou \u00e0 l\u2019ombre d\u2019une cour familiale, les femmes se r\u00e9unissaient. Les plus \u00e2g\u00e9es pr\u00e9paraient les m\u00e9langes. Les plus jeunes observaient. Puis elles apprenaient.<\/p>\n\n\n\n<p>Le soin n\u2019\u00e9tait pas qu\u2019esth\u00e9tique. Il \u00e9tait :<\/p>\n\n\n\n<ul class=\"wp-block-list\">\n<li>Protecteur<\/li>\n\n\n\n<li>Purifiant<\/li>\n\n\n\n<li>Spirituel<\/li>\n\n\n\n<li>Identitaire<\/li>\n<\/ul>\n\n\n\n<p>On appliquait les beurres v\u00e9g\u00e9taux et les huiles chauff\u00e9es avec lenteur. On massait le cuir chevelu en racontant les anc\u00eatres. On enduisait la peau des jeunes filles avant un mariage, une naissance, une f\u00eate.<\/p>\n\n\n\n<p>Chaque geste avait un sens.<br>Chaque ingr\u00e9dient avait une m\u00e9moire.<\/p>\n\n\n\n<p><strong>Le Baume Africain : une alchimie ancestrale<\/strong><\/p>\n\n\n\n<p>Le Baume Africain est bien plus qu\u2019un soin. C\u2019est une synth\u00e8se de savoirs traditionnels transmis \u00e0 travers les g\u00e9n\u00e9rations.<\/p>\n\n\n\n<p>Souvent compos\u00e9 de beurres v\u00e9g\u00e9taux riches (comme le karit\u00e9), d\u2019huiles pr\u00e9cieuses et d\u2019extraits naturels, il r\u00e9pond \u00e0 plusieurs besoins :<\/p>\n\n\n\n<ul class=\"wp-block-list\">\n<li>Nourrir intens\u00e9ment les peaux s\u00e8ches et m\u00e9tiss\u00e9es<\/li>\n\n\n\n<li>Prot\u00e9ger contre le vent, le soleil, les agressions ext\u00e9rieures<\/li>\n\n\n\n<li>R\u00e9parer les peaux fragilis\u00e9es<\/li>\n\n\n\n<li>Apaiser apr\u00e8s le bain ou l\u2019exposition<\/li>\n<\/ul>\n\n\n\n<p>Mais au-del\u00e0 de ses propri\u00e9t\u00e9s, il incarne une philosophie.<\/p>\n\n\n\n<p>Dans sa texture dense et enveloppante, il y a la chaleur des mains maternelles.<br>Dans son parfum naturel, il y a la terre, le bois, les march\u00e9s d\u2019\u00e9pices et la savane apr\u00e8s la pluie.<\/p>\n\n\n\n<p><strong>De m\u00e8re en fille : la transmission invisible<\/strong><\/p>\n\n\n\n<p>Dans de nombreuses familles africaines et afro-descendantes, le premier soin corporel est un souvenir d\u2019enfance.<\/p>\n\n\n\n<p>Une m\u00e8re qui applique du beurre de karit\u00e9 sur les bras de sa fille.<br>Une grand-m\u00e8re qui insiste :<br>\u00ab Masse bien, prends ton temps. \u00bb<\/p>\n\n\n\n<p>Ces moments construisent bien plus qu\u2019une routine beaut\u00e9. Ils construisent :<\/p>\n\n\n\n<ul class=\"wp-block-list\">\n<li>L\u2019estime de soi<\/li>\n\n\n\n<li>Le respect du corps<\/li>\n\n\n\n<li>La fiert\u00e9 des origines<\/li>\n<\/ul>\n\n\n\n<p>La transmission ne passe pas uniquement par les mots.<br>Elle passe par la r\u00e9p\u00e9tition des gestes.<\/p>\n\n\n\n<p>Quand une femme utilise aujourd\u2019hui un Baume Africain, elle ne fait pas qu\u2019hydrater sa peau. Elle prolonge une lign\u00e9e.<\/p>\n\n\n\n<p><strong>Le rituel : ralentir pour mieux ressentir<\/strong><\/p>\n\n\n\n<p>Appliquer un Baume Africain ne devrait jamais \u00eatre un geste automatique. C\u2019est un rituel.<\/p>\n\n\n\n<p>Voici comment le transformer en moment d\u2019enracinement :<\/p>\n\n\n\n<ol class=\"wp-block-list\">\n<li>R\u00e9chauffer une noisette de baume entre les paumes<\/li>\n\n\n\n<li>Fermer les yeux un instant<\/li>\n\n\n\n<li>Respirer profond\u00e9ment<\/li>\n\n\n\n<li>Appliquer en mouvements lents et circulaires<\/li>\n\n\n\n<li>Remercier son corps<\/li>\n<\/ol>\n\n\n\n<p>Ce simple geste reconnecte \u00e0 quelque chose de plus grand que soi.<\/p>\n\n\n\n<p>La beaut\u00e9 devient alors un acte conscient.<\/p>\n\n\n\n<p><strong>Une beaut\u00e9 qui r\u00e9siste \u00e0 l\u2019uniformisation<\/strong><\/p>\n\n\n\n<p>Aujourd\u2019hui, les standards mondialis\u00e9s cherchent \u00e0 uniformiser les peaux, les textures, les identit\u00e9s. Pourtant, les rituels anciens nous rappellent que la beaut\u00e9 est plurielle.<\/p>\n\n\n\n<p>Le Baume Africain c\u00e9l\u00e8bre :<\/p>\n\n\n\n<ul class=\"wp-block-list\">\n<li>Les peaux riches en m\u00e9lanine<\/li>\n\n\n\n<li>Les textures capillaires naturelles<\/li>\n\n\n\n<li>Les h\u00e9ritages culturels<\/li>\n\n\n\n<li>Les corps r\u00e9els<\/li>\n<\/ul>\n\n\n\n<p>Il est un acte de r\u00e9sistance douce.<br>Une mani\u00e8re de dire :<br>\u00ab Ma beaut\u00e9 a une histoire. \u00bb<\/p>\n\n\n\n<p><strong>Peuples et Beaut\u00e9 : honorer les racines<\/strong><\/p>\n\n\n\n<p>\u00c0 travers le Baume Africain, <strong>Peuples et Beaut\u00e9<\/strong> ne propose pas seulement un produit.<\/p>\n\n\n\n<p>Nous proposons :<\/p>\n\n\n\n<ul class=\"wp-block-list\">\n<li>Un retour aux sources<\/li>\n\n\n\n<li>Une reconnexion aux traditions<\/li>\n\n\n\n<li>Un hommage aux femmes qui ont transmis avant nous<\/li>\n<\/ul>\n\n\n\n<p>Car derri\u00e8re chaque pot de baume, il y a l\u2019\u00e9cho des rires, des conseils murmur\u00e9s, des mains expertes.<\/p>\n\n\n\n<p>La beaut\u00e9 n\u2019est pas une tendance.<br>Elle est une m\u00e9moire vivante.<\/p>\n\n\n\n<p><strong>Conclusion : porter sa culture sur sa peau<\/strong><\/p>\n\n\n\n<p>S\u2019enraciner, c\u2019est comprendre que notre peau raconte une histoire.<br>Les rites anciens nous enseignent que prendre soin de soi est un acte sacr\u00e9.<\/p>\n\n\n\n<p>Le Baume Africain n\u2019est pas simplement nourrissant.<br>Il est symbolique.<br>Il est identitaire.<br>Il est transmission.<\/p>\n\n\n\n<p>Et peut-\u00eatre qu\u2019en l\u2019appliquant, vous ressentirez, vous aussi, cette continuit\u00e9 invisible entre les g\u00e9n\u00e9rations.<\/p>\n\n\n\n<p>Parce que la vraie beaut\u00e9 ne s\u2019invente pas.<br>Elle se transmet.<\/p>\n\n\n\n<p>Voici le site : <a href=\"https:\/\/folk-peuplesetbeaute.com\/en\/product\/baume-mystic-africain\/\">https:\/\/folk-peuplesetbeaute.com\/produit\/baume-mystic-africain\/<\/a><\/p>","protected":false},"excerpt":{"rendered":"<p>L\u2019enracinement comme beaut\u00e9 : rites anciens et secrets transmis de m\u00e8re en fille Le Baume Africain, m\u00e9moire vivante des femmes Dans un monde o\u00f9 tout s\u2019acc\u00e9l\u00e8re, o\u00f9 les soins deviennent des produits et les gestes des routines chronom\u00e9tr\u00e9es, certaines traditions nous rappellent que la beaut\u00e9 est d\u2019abord un h\u00e9ritage. Un h\u00e9ritage de gestes.Un h\u00e9ritage de [&hellip;]<\/p>\n","protected":false},"author":2,"featured_media":0,"comment_status":"open","ping_status":"open","sticky":false,"template":"","format":"standard","meta":{"_acf_changed":false,"_et_pb_use_builder":"off","_et_pb_old_content":"","_et_gb_content_width":"","_jetpack_memberships_contains_paid_content":false,"footnotes":""},"categories":[84],"tags":[],"class_list":["post-30038","post","type-post","status-publish","format-standard","hentry","category-actualite"],"acf":[],"jetpack_featured_media_url":"","jetpack_shortlink":"https:\/\/wp.me\/pgSzTA-7Ou","jetpack_sharing_enabled":true,"_links":{"self":[{"href":"https:\/\/folk-peuplesetbeaute.com\/en\/wp-json\/wp\/v2\/posts\/30038","targetHints":{"allow":["GET"]}}],"collection":[{"href":"https:\/\/folk-peuplesetbeaute.com\/en\/wp-json\/wp\/v2\/posts"}],"about":[{"href":"https:\/\/folk-peuplesetbeaute.com\/en\/wp-json\/wp\/v2\/types\/post"}],"author":[{"embeddable":true,"href":"https:\/\/folk-peuplesetbeaute.com\/en\/wp-json\/wp\/v2\/users\/2"}],"replies":[{"embeddable":true,"href":"https:\/\/folk-peuplesetbeaute.com\/en\/wp-json\/wp\/v2\/comments?post=30038"}],"version-history":[{"count":2,"href":"https:\/\/folk-peuplesetbeaute.com\/en\/wp-json\/wp\/v2\/posts\/30038\/revisions"}],"predecessor-version":[{"id":30056,"href":"https:\/\/folk-peuplesetbeaute.com\/en\/wp-json\/wp\/v2\/posts\/30038\/revisions\/30056"}],"wp:attachment":[{"href":"https:\/\/folk-peuplesetbeaute.com\/en\/wp-json\/wp\/v2\/media?parent=30038"}],"wp:term":[{"taxonomy":"category","embeddable":true,"href":"https:\/\/folk-peuplesetbeaute.com\/en\/wp-json\/wp\/v2\/categories?post=30038"},{"taxonomy":"post_tag","embeddable":true,"href":"https:\/\/folk-peuplesetbeaute.com\/en\/wp-json\/wp\/v2\/tags?post=30038"}],"curies":[{"name":"wp","href":"https:\/\/api.w.org\/{rel}","templated":true}]}}