{"id":30046,"date":"2026-02-14T14:36:02","date_gmt":"2026-02-14T13:36:02","guid":{"rendered":"https:\/\/folk-peuplesetbeaute.com\/?p=30046"},"modified":"2026-02-14T14:36:05","modified_gmt":"2026-02-14T13:36:05","slug":"baume-andalou","status":"publish","type":"post","link":"https:\/\/folk-peuplesetbeaute.com\/en\/baume-andalou\/","title":{"rendered":"BAUME ANDALOU"},"content":{"rendered":"<figure class=\"wp-block-image size-large\"><img data-recalc-dims=\"1\" loading=\"lazy\" decoding=\"async\" width=\"1024\" height=\"683\" src=\"https:\/\/i0.wp.com\/folk-peuplesetbeaute.com\/wp-content\/uploads\/2026\/02\/8782ca45-03c2-4ece-b784-e5cabb9af19c-1.png?resize=1024%2C683&#038;ssl=1\" alt=\"\" class=\"wp-image-30047\" srcset=\"https:\/\/folk-peuplesetbeaute.com\/wp-content\/uploads\/2026\/02\/8782ca45-03c2-4ece-b784-e5cabb9af19c-1-980x653.png 980w, https:\/\/folk-peuplesetbeaute.com\/wp-content\/uploads\/2026\/02\/8782ca45-03c2-4ece-b784-e5cabb9af19c-1-480x320.png 480w\" sizes=\"(min-width: 0px) and (max-width: 480px) 480px, (min-width: 481px) and (max-width: 980px) 980px, (min-width: 981px) 1024px, 100vw\" \/><\/figure>\n\n\n\n<p><strong>La lumi\u00e8re d\u2019Andalousie : beaut\u00e9 solaire et h\u00e9ritage des femmes du Sud<\/strong><\/p>\n\n\n\n<p><strong>Le Baume Andalou, rituel de chaleur et de sensualit\u00e9<\/strong><\/p>\n\n\n\n<p>Il existe des terres o\u00f9 la lumi\u00e8re semble tout embrasser.<br>O\u00f9 les murs blancs refl\u00e8tent le soleil.<br>O\u00f9 les patios embaument la fleur d\u2019oranger.<\/p>\n\n\n\n<p>L\u2019Andalousie est de celles-l\u00e0.<\/p>\n\n\n\n<p>Carrefour de civilisations, terre de po\u00e9sie, de musique et de traditions m\u00eal\u00e9es, elle a fa\u00e7onn\u00e9 une vision unique de la beaut\u00e9 : g\u00e9n\u00e9reuse, vibrante, profond\u00e9ment ancr\u00e9e dans la culture.<\/p>\n\n\n\n<p>Avec le <strong>Baume Andalou<\/strong>, Peuples et Beaut\u00e9 c\u00e9l\u00e8bre cette beaut\u00e9 solaire, transmise de g\u00e9n\u00e9ration en g\u00e9n\u00e9ration.<\/p>\n\n\n\n<p><strong>L\u2019Andalousie : un m\u00e9tissage inscrit dans la peau<\/strong><\/p>\n\n\n\n<p>Ph\u00e9niciens, Romains, Maures, Gitans\u2026<br>L\u2019Andalousie est n\u00e9e de rencontres.<\/p>\n\n\n\n<p>Cette richesse culturelle s\u2019est aussi exprim\u00e9e dans les rituels de soin. Les femmes utilisaient les tr\u00e9sors de la M\u00e9diterran\u00e9e :<\/p>\n\n\n\n<ul class=\"wp-block-list\">\n<li>Huile d\u2019olive nourrissante<\/li>\n\n\n\n<li>Fleur d\u2019oranger apaisante<\/li>\n\n\n\n<li>Amande douce protectrice<\/li>\n\n\n\n<li>Plantes aromatiques locales<\/li>\n<\/ul>\n\n\n\n<p>La beaut\u00e9 andalouse n\u2019\u00e9tait pas qu\u2019apparence. Elle \u00e9tait c\u00e9l\u00e9bration du corps, de la f\u00e9minit\u00e9 et de la sensualit\u00e9 assum\u00e9e.<\/p>\n\n\n\n<p><strong>Les rituels du Sud : entre hammam et patio fleuri<\/strong><\/p>\n\n\n\n<p>Dans les maisons andalouses, la beaut\u00e9 \u00e9tait un moment partag\u00e9. Avant les f\u00eates, les mariages ou les grandes c\u00e9l\u00e9brations religieuses, les femmes se retrouvaient.<\/p>\n\n\n\n<p>On se coiffait.<br>On parfumait la peau.<br>On massait les \u00e9paules fatigu\u00e9es par la chaleur.<\/p>\n\n\n\n<p>L\u2019eau ti\u00e8de, les huiles, les baumes faisaient partie d\u2019un rituel presque sacr\u00e9. H\u00e9rit\u00e9 en partie des traditions arabo-andalouses, le soin devenait un art.<\/p>\n\n\n\n<p>On enseignait aux jeunes filles :<\/p>\n\n\n\n<p>\u00ab La peau doit \u00eatre nourrie comme la terre apr\u00e8s le soleil. \u00bb<\/p>\n\n\n\n<p><strong>Le Baume Andalou : chaleur, nutrition et \u00e9clat<\/strong><\/p>\n\n\n\n<p>Le Baume Andalou s\u2019inspire de cette tradition m\u00e9diterran\u00e9enne.<\/p>\n\n\n\n<p>Sa richesse \u00e9voque l\u2019huile d\u2019olive dor\u00e9e au soleil.<br>Sa texture fondante rappelle la douceur des soir\u00e9es d\u2019\u00e9t\u00e9.<br>Son parfum transporte vers les orangers en fleurs et les jardins secrets.<\/p>\n\n\n\n<p>Il est pens\u00e9 pour :<\/p>\n\n\n\n<ul class=\"wp-block-list\">\n<li>Nourrir les peaux s\u00e8ches ou expos\u00e9es au soleil<\/li>\n\n\n\n<li>Redonner souplesse et \u00e9clat<\/li>\n\n\n\n<li>Apaiser apr\u00e8s une journ\u00e9e chaude<\/li>\n\n\n\n<li>Sublimer la peau avec une touche satin\u00e9e<\/li>\n<\/ul>\n\n\n\n<p>C\u2019est un baume de g\u00e9n\u00e9rosit\u00e9.<\/p>\n\n\n\n<p>Un baume qui enveloppe la peau comme la chaleur du Sud enveloppe les fa\u00e7ades blanches.<\/p>\n\n\n\n<p><strong>La beaut\u00e9 comme fiert\u00e9<\/strong><\/p>\n\n\n\n<p>En Andalousie, la beaut\u00e9 n\u2019est pas discr\u00e8te.<br>Elle danse.<br>Elle s\u2019affirme.<br>Elle rayonne.<\/p>\n\n\n\n<p>Elle se voit dans :<\/p>\n\n\n\n<ul class=\"wp-block-list\">\n<li>Le port de t\u00eate<\/li>\n\n\n\n<li>Le regard intense<\/li>\n\n\n\n<li>La peau lumineuse<\/li>\n\n\n\n<li>Les gestes assur\u00e9s<\/li>\n<\/ul>\n\n\n\n<p>Les m\u00e8res transmettaient \u00e0 leurs filles non seulement des recettes, mais une attitude :<\/p>\n\n\n\n<p>Prends soin de toi.<br>Sois fi\u00e8re de ta lumi\u00e8re.<\/p>\n\n\n\n<p>Le Baume Andalou s\u2019inscrit dans cette continuit\u00e9 : un soin qui nourrit autant la peau que l\u2019estime de soi.<\/p>\n\n\n\n<p><strong>Un rituel andalou \u00e0 recr\u00e9er<\/strong><\/p>\n\n\n\n<p>Pour vivre pleinement l\u2019exp\u00e9rience du Baume Andalou :<\/p>\n\n\n\n<ol class=\"wp-block-list\">\n<li>Applique-le apr\u00e8s une douche ti\u00e8de ou un bain.<\/li>\n\n\n\n<li>R\u00e9chauffe-le entre tes mains jusqu\u2019\u00e0 ce qu\u2019il devienne soyeux.<\/li>\n\n\n\n<li>Masse en mouvements amples et circulaires.<\/li>\n\n\n\n<li>Insiste sur les \u00e9paules, les jambes, les zones expos\u00e9es au soleil.<\/li>\n\n\n\n<li>Laisse la peau absorber, puis respire profond\u00e9ment.<\/li>\n<\/ol>\n\n\n\n<p>Imagine le chant lointain d\u2019une guitare.<br>La douceur d\u2019un soir d\u2019\u00e9t\u00e9.<br>Le parfum des fleurs blanches.<\/p>\n\n\n\n<p>Le soin devient voyage.<\/p>\n\n\n\n<p><strong>Une beaut\u00e9 de lumi\u00e8re et de transmission<\/strong><\/p>\n\n\n\n<p>Le Baume Andalou n\u2019est pas seulement m\u00e9diterran\u00e9en.<br>Il est symbolique.<\/p>\n\n\n\n<p>Il parle de :<\/p>\n\n\n\n<ul class=\"wp-block-list\">\n<li>M\u00e9tissage<\/li>\n\n\n\n<li>H\u00e9ritage culturel<\/li>\n\n\n\n<li>Transmission f\u00e9minine<\/li>\n\n\n\n<li>Joie incarn\u00e9e<\/li>\n<\/ul>\n\n\n\n<p>Il rappelle que la beaut\u00e9 peut \u00eatre \u00e0 la fois profonde et lumineuse. Spirituelle et sensuelle.<\/p>\n\n\n\n<p><strong>Peuples et Beaut\u00e9 : c\u00e9l\u00e9brer les terres, honorer les femmes<\/strong><\/p>\n\n\n\n<p>Apr\u00e8s les racines africaines et la force silencieuse du Nord, le Baume Andalou incarne la chaleur du Sud.<\/p>\n\n\n\n<p>Trois terres.<br>Trois climats.<br>Trois visions de la beaut\u00e9.<\/p>\n\n\n\n<p>Mais une m\u00eame conviction :<br>Les rituels anciens portent en eux une sagesse que le monde moderne red\u00e9couvre.<\/p>\n\n\n\n<p><strong>Conclusion : porter le soleil sur sa peau<\/strong><\/p>\n\n\n\n<p>Le Baume Andalou est une invitation \u00e0 rayonner.<br>\u00c0 ralentir.<br>\u00c0 honorer ses racines, qu\u2019elles soient m\u00e9diterran\u00e9ennes ou int\u00e9rieures.<\/p>\n\n\n\n<p>Car la beaut\u00e9, comme l\u2019Andalousie, est une rencontre :<br>entre la terre et la lumi\u00e8re,<br>entre la tradition et le pr\u00e9sent,<br>entre la m\u00e8re et la fille.<\/p>\n\n\n\n<p>Et lorsqu\u2019on applique ce baume, c\u2019est un peu de ce soleil ancestral que l\u2019on d\u00e9pose sur sa peau.<\/p>\n\n\n\n<p>Voici le lien : <a href=\"https:\/\/folk-peuplesetbeaute.com\/en\/product\/baume-andalou\/\">https:\/\/folk-peuplesetbeaute.com\/produit\/baume-andalou\/<\/a><\/p>","protected":false},"excerpt":{"rendered":"<p>La lumi\u00e8re d\u2019Andalousie : beaut\u00e9 solaire et h\u00e9ritage des femmes du Sud Le Baume Andalou, rituel de chaleur et de sensualit\u00e9 Il existe des terres o\u00f9 la lumi\u00e8re semble tout embrasser.O\u00f9 les murs blancs refl\u00e8tent le soleil.O\u00f9 les patios embaument la fleur d\u2019oranger. L\u2019Andalousie est de celles-l\u00e0. Carrefour de civilisations, terre de po\u00e9sie, de musique [&hellip;]<\/p>\n","protected":false},"author":2,"featured_media":0,"comment_status":"open","ping_status":"open","sticky":false,"template":"","format":"standard","meta":{"_acf_changed":false,"_et_pb_use_builder":"off","_et_pb_old_content":"","_et_gb_content_width":"","_jetpack_memberships_contains_paid_content":false,"footnotes":""},"categories":[84],"tags":[],"class_list":["post-30046","post","type-post","status-publish","format-standard","hentry","category-actualite"],"acf":[],"jetpack_featured_media_url":"","jetpack_shortlink":"https:\/\/wp.me\/pgSzTA-7OC","jetpack_sharing_enabled":true,"_links":{"self":[{"href":"https:\/\/folk-peuplesetbeaute.com\/en\/wp-json\/wp\/v2\/posts\/30046","targetHints":{"allow":["GET"]}}],"collection":[{"href":"https:\/\/folk-peuplesetbeaute.com\/en\/wp-json\/wp\/v2\/posts"}],"about":[{"href":"https:\/\/folk-peuplesetbeaute.com\/en\/wp-json\/wp\/v2\/types\/post"}],"author":[{"embeddable":true,"href":"https:\/\/folk-peuplesetbeaute.com\/en\/wp-json\/wp\/v2\/users\/2"}],"replies":[{"embeddable":true,"href":"https:\/\/folk-peuplesetbeaute.com\/en\/wp-json\/wp\/v2\/comments?post=30046"}],"version-history":[{"count":1,"href":"https:\/\/folk-peuplesetbeaute.com\/en\/wp-json\/wp\/v2\/posts\/30046\/revisions"}],"predecessor-version":[{"id":30048,"href":"https:\/\/folk-peuplesetbeaute.com\/en\/wp-json\/wp\/v2\/posts\/30046\/revisions\/30048"}],"wp:attachment":[{"href":"https:\/\/folk-peuplesetbeaute.com\/en\/wp-json\/wp\/v2\/media?parent=30046"}],"wp:term":[{"taxonomy":"category","embeddable":true,"href":"https:\/\/folk-peuplesetbeaute.com\/en\/wp-json\/wp\/v2\/categories?post=30046"},{"taxonomy":"post_tag","embeddable":true,"href":"https:\/\/folk-peuplesetbeaute.com\/en\/wp-json\/wp\/v2\/tags?post=30046"}],"curies":[{"name":"wp","href":"https:\/\/api.w.org\/{rel}","templated":true}]}}