{"id":30049,"date":"2026-02-14T14:39:14","date_gmt":"2026-02-14T13:39:14","guid":{"rendered":"https:\/\/folk-peuplesetbeaute.com\/?p=30049"},"modified":"2026-02-14T14:39:17","modified_gmt":"2026-02-14T13:39:17","slug":"baume-athenien","status":"publish","type":"post","link":"https:\/\/folk-peuplesetbeaute.com\/en\/baume-athenien\/","title":{"rendered":"BAUME ATHENIEN"},"content":{"rendered":"<figure class=\"wp-block-image size-large\"><img data-recalc-dims=\"1\" loading=\"lazy\" decoding=\"async\" width=\"1024\" height=\"683\" src=\"https:\/\/i0.wp.com\/folk-peuplesetbeaute.com\/wp-content\/uploads\/2026\/02\/406dbf15-aca3-41bd-80af-df0d56589a32.png?resize=1024%2C683&#038;ssl=1\" alt=\"\" class=\"wp-image-30050\" srcset=\"https:\/\/folk-peuplesetbeaute.com\/wp-content\/uploads\/2026\/02\/406dbf15-aca3-41bd-80af-df0d56589a32-980x653.png 980w, https:\/\/folk-peuplesetbeaute.com\/wp-content\/uploads\/2026\/02\/406dbf15-aca3-41bd-80af-df0d56589a32-480x320.png 480w\" sizes=\"(min-width: 0px) and (max-width: 480px) 480px, (min-width: 481px) and (max-width: 980px) 980px, (min-width: 981px) 1024px, 100vw\" \/><\/figure>\n\n\n\n<p><strong>Le Baume Ath\u00e9nien<\/strong><\/p>\n\n\n\n<p><strong>La beaut\u00e9 comme qu\u00eate d\u2019harmonie<\/strong><\/p>\n\n\n\n<p>Il est des terres o\u00f9 la beaut\u00e9 est pens\u00e9e.<br>R\u00e9fl\u00e9chie.<br>Contempl\u00e9e.<\/p>\n\n\n\n<p>\u00c0 Ath\u00e8nes, la beaut\u00e9 n\u2019\u00e9tait pas un simple ornement. Elle \u00e9tait une philosophie.<\/p>\n\n\n\n<p>Les Grecs anciens parlaient de <em>kalos kagathos<\/em> : l\u2019union du beau et du bon.<br>Le corps et l\u2019\u00e2me ne faisaient qu\u2019un.<br>L\u2019esth\u00e9tique n\u2019\u00e9tait jamais s\u00e9par\u00e9e de l\u2019\u00e9thique.<\/p>\n\n\n\n<p>Avec le <strong>Baume Ath\u00e9nien<\/strong>, Peuples et Beaut\u00e9 rend hommage \u00e0 cette vision lumineuse et \u00e9quilibr\u00e9e de la beaut\u00e9.<\/p>\n\n\n\n<p><strong>La Gr\u00e8ce antique : entre soleil, mer et sagesse<\/strong><\/p>\n\n\n\n<p>Sous le soleil m\u00e9diterran\u00e9en, les femmes prenaient soin de leur peau avec des tr\u00e9sors simples :<\/p>\n\n\n\n<ul class=\"wp-block-list\">\n<li>Huile d\u2019olive pure<\/li>\n\n\n\n<li>Miel dor\u00e9<\/li>\n\n\n\n<li>Cires naturelles<\/li>\n\n\n\n<li>Plantes aromatiques<\/li>\n<\/ul>\n\n\n\n<p>Ces soins prot\u00e9geaient du vent salin et de la chaleur. Mais ils faisaient plus que cela.<\/p>\n\n\n\n<p>Ils inscrivaient le corps dans l\u2019harmonie du monde.<\/p>\n\n\n\n<p>Dans les maisons blanchies \u00e0 la chaux, les m\u00e8res enseignaient \u00e0 leurs filles que la beaut\u00e9 devait \u00eatre :<\/p>\n\n\n\n<ul class=\"wp-block-list\">\n<li>Mesur\u00e9e<\/li>\n\n\n\n<li>\u00c9quilibr\u00e9e<\/li>\n\n\n\n<li>Authentique<\/li>\n<\/ul>\n\n\n\n<p>Jamais excessive. Toujours digne.<\/p>\n\n\n\n<p><strong>Le Baume Ath\u00e9nien : clart\u00e9 et \u00e9quilibre<\/strong><\/p>\n\n\n\n<p>Le Baume Ath\u00e9nien s\u2019inspire de cette simplicit\u00e9 noble.<\/p>\n\n\n\n<p>Sa texture est onctueuse mais ma\u00eetris\u00e9e.<br>Elle nourrit sans alourdir.<br>Elle laisse la peau souple, lumineuse, presque satin\u00e9e.<\/p>\n\n\n\n<p>C\u2019est un baume pour :<\/p>\n\n\n\n<ul class=\"wp-block-list\">\n<li>Les peaux en qu\u00eate d\u2019\u00e9quilibre<\/li>\n\n\n\n<li>Celles expos\u00e9es au soleil<\/li>\n\n\n\n<li>Celles qui veulent allier nutrition et l\u00e9g\u00e8ret\u00e9<\/li>\n<\/ul>\n\n\n\n<p>Il \u00e9voque la mer \u00c9g\u00e9e, les pierres claires, les oliviers centenaires.<\/p>\n\n\n\n<p><strong>Le rituel de l\u2019harmonie<\/strong><\/p>\n\n\n\n<p>Appliquer le Baume Ath\u00e9nien, c\u2019est pratiquer une forme de discipline douce.<\/p>\n\n\n\n<ol class=\"wp-block-list\">\n<li>Pr\u00e9levez une petite quantit\u00e9.<\/li>\n\n\n\n<li>Chauffez-la entre vos paumes.<\/li>\n\n\n\n<li>Appliquez avec des gestes r\u00e9guliers et mesur\u00e9s.<\/li>\n\n\n\n<li>Respirez profond\u00e9ment.<\/li>\n<\/ol>\n\n\n\n<p>Cherchez l\u2019\u00e9quilibre, pas l\u2019exc\u00e8s.<\/p>\n\n\n\n<p>Comme dans la pens\u00e9e grecque, la beaut\u00e9 na\u00eet de la juste mesure.<\/p>\n\n\n\n<p><strong>Une beaut\u00e9 philosophique<\/strong><\/p>\n\n\n\n<p>Le Baume Ath\u00e9nien rappelle que prendre soin de soi est un acte r\u00e9fl\u00e9chi.<\/p>\n\n\n\n<p>Ce n\u2019est pas corriger.<br>Ce n\u2019est pas masquer.<br>C\u2019est r\u00e9v\u00e9ler.<\/p>\n\n\n\n<p>R\u00e9v\u00e9ler la lumi\u00e8re naturelle de la peau.<br>R\u00e9v\u00e9ler la dignit\u00e9 du corps.<br>R\u00e9v\u00e9ler l\u2019harmonie int\u00e9rieure.<\/p>\n\n\n\n<p>Voici le lien : <a href=\"https:\/\/folk-peuplesetbeaute.com\/en\/product\/baume-athenien\/\">https:\/\/folk-peuplesetbeaute.com\/produit\/baume-athenien\/<\/a><\/p>","protected":false},"excerpt":{"rendered":"<p>Le Baume Ath\u00e9nien La beaut\u00e9 comme qu\u00eate d\u2019harmonie Il est des terres o\u00f9 la beaut\u00e9 est pens\u00e9e.R\u00e9fl\u00e9chie.Contempl\u00e9e. \u00c0 Ath\u00e8nes, la beaut\u00e9 n\u2019\u00e9tait pas un simple ornement. Elle \u00e9tait une philosophie. Les Grecs anciens parlaient de kalos kagathos : l\u2019union du beau et du bon.Le corps et l\u2019\u00e2me ne faisaient qu\u2019un.L\u2019esth\u00e9tique n\u2019\u00e9tait jamais s\u00e9par\u00e9e de l\u2019\u00e9thique. [&hellip;]<\/p>\n","protected":false},"author":2,"featured_media":0,"comment_status":"open","ping_status":"open","sticky":false,"template":"","format":"standard","meta":{"_acf_changed":false,"_et_pb_use_builder":"off","_et_pb_old_content":"","_et_gb_content_width":"","_jetpack_memberships_contains_paid_content":false,"footnotes":""},"categories":[84],"tags":[],"class_list":["post-30049","post","type-post","status-publish","format-standard","hentry","category-actualite"],"acf":[],"jetpack_featured_media_url":"","jetpack_shortlink":"https:\/\/wp.me\/pgSzTA-7OF","jetpack_sharing_enabled":true,"_links":{"self":[{"href":"https:\/\/folk-peuplesetbeaute.com\/en\/wp-json\/wp\/v2\/posts\/30049","targetHints":{"allow":["GET"]}}],"collection":[{"href":"https:\/\/folk-peuplesetbeaute.com\/en\/wp-json\/wp\/v2\/posts"}],"about":[{"href":"https:\/\/folk-peuplesetbeaute.com\/en\/wp-json\/wp\/v2\/types\/post"}],"author":[{"embeddable":true,"href":"https:\/\/folk-peuplesetbeaute.com\/en\/wp-json\/wp\/v2\/users\/2"}],"replies":[{"embeddable":true,"href":"https:\/\/folk-peuplesetbeaute.com\/en\/wp-json\/wp\/v2\/comments?post=30049"}],"version-history":[{"count":1,"href":"https:\/\/folk-peuplesetbeaute.com\/en\/wp-json\/wp\/v2\/posts\/30049\/revisions"}],"predecessor-version":[{"id":30051,"href":"https:\/\/folk-peuplesetbeaute.com\/en\/wp-json\/wp\/v2\/posts\/30049\/revisions\/30051"}],"wp:attachment":[{"href":"https:\/\/folk-peuplesetbeaute.com\/en\/wp-json\/wp\/v2\/media?parent=30049"}],"wp:term":[{"taxonomy":"category","embeddable":true,"href":"https:\/\/folk-peuplesetbeaute.com\/en\/wp-json\/wp\/v2\/categories?post=30049"},{"taxonomy":"post_tag","embeddable":true,"href":"https:\/\/folk-peuplesetbeaute.com\/en\/wp-json\/wp\/v2\/tags?post=30049"}],"curies":[{"name":"wp","href":"https:\/\/api.w.org\/{rel}","templated":true}]}}